{"id":1108,"date":"2024-04-08T17:05:08","date_gmt":"2024-04-08T17:05:08","guid":{"rendered":"https:\/\/lanostalgiadelfutbol.com\/?p=1108"},"modified":"2024-04-08T17:07:14","modified_gmt":"2024-04-08T17:07:14","slug":"argentina-vs-ecuador","status":"publish","type":"post","link":"https:\/\/lanostalgiadelfutbol.com\/index.php\/2024\/04\/08\/argentina-vs-ecuador\/","title":{"rendered":"ARGENTINA VS ECUADOR !!"},"content":{"rendered":"\t\t<div data-elementor-type=\"wp-post\" data-elementor-id=\"1108\" class=\"elementor elementor-1108\">\n\t\t\t\t\t\t\t\t\t<section class=\"elementor-section elementor-top-section elementor-element elementor-element-51afee5 elementor-section-boxed elementor-section-height-default elementor-section-height-default\" data-id=\"51afee5\" data-element_type=\"section\">\n\t\t\t\t\t\t<div class=\"elementor-container elementor-column-gap-default\">\n\t\t\t\t\t<div class=\"elementor-column elementor-col-100 elementor-top-column elementor-element elementor-element-e3ef62c\" data-id=\"e3ef62c\" data-element_type=\"column\">\n\t\t\t<div class=\"elementor-widget-wrap elementor-element-populated\">\n\t\t\t\t\t\t\t\t<div class=\"elementor-element elementor-element-4cc5eb1 elementor-widget elementor-widget-image\" data-id=\"4cc5eb1\" data-element_type=\"widget\" data-widget_type=\"image.default\">\n\t\t\t\t<div class=\"elementor-widget-container\">\n\t\t\t<style>\/*! elementor - v3.15.0 - 02-08-2023 *\/\n.elementor-widget-image{text-align:center}.elementor-widget-image a{display:inline-block}.elementor-widget-image a img[src$=\".svg\"]{width:48px}.elementor-widget-image img{vertical-align:middle;display:inline-block}<\/style>\t\t\t\t\t\t\t\t\t\t\t\t<img decoding=\"async\" loading=\"lazy\" width=\"640\" height=\"360\" src=\"https:\/\/lanostalgiadelfutbol.com\/wp-content\/uploads\/2024\/04\/FB_IMG_1712594752069.jpg\" class=\"attachment-large size-large wp-image-1111\" alt=\"\" srcset=\"https:\/\/lanostalgiadelfutbol.com\/wp-content\/uploads\/2024\/04\/FB_IMG_1712594752069.jpg 960w, https:\/\/lanostalgiadelfutbol.com\/wp-content\/uploads\/2024\/04\/FB_IMG_1712594752069-300x169.jpg 300w, https:\/\/lanostalgiadelfutbol.com\/wp-content\/uploads\/2024\/04\/FB_IMG_1712594752069-768x432.jpg 768w\" sizes=\"(max-width: 640px) 100vw, 640px\" \/>\t\t\t\t\t\t\t\t\t\t\t\t\t\t\t<\/div>\n\t\t\t\t<\/div>\n\t\t\t\t<div class=\"elementor-element elementor-element-e29880f elementor-widget elementor-widget-text-editor\" data-id=\"e29880f\" data-element_type=\"widget\" data-widget_type=\"text-editor.default\">\n\t\t\t\t<div class=\"elementor-widget-container\">\n\t\t\t<style>\/*! elementor - v3.15.0 - 02-08-2023 *\/\n.elementor-widget-text-editor.elementor-drop-cap-view-stacked .elementor-drop-cap{background-color:#69727d;color:#fff}.elementor-widget-text-editor.elementor-drop-cap-view-framed .elementor-drop-cap{color:#69727d;border:3px solid;background-color:transparent}.elementor-widget-text-editor:not(.elementor-drop-cap-view-default) .elementor-drop-cap{margin-top:8px}.elementor-widget-text-editor:not(.elementor-drop-cap-view-default) .elementor-drop-cap-letter{width:1em;height:1em}.elementor-widget-text-editor .elementor-drop-cap{float:left;text-align:center;line-height:1;font-size:50px}.elementor-widget-text-editor .elementor-drop-cap-letter{display:inline-block}<\/style>\t\t\t\t<p>El campe\u00f3n mundial y la selecci\u00f3n n\u00famero 1 en el r\u00e1nking de FIFA, Argentina, como parte de su preparaci\u00f3n para la Copa Am\u00e9rica 2024, se enfrentar\u00e1 a su rival continental Ecuador el domingo 9 de junio en el hist\u00f3rico estadio Soldier Field de la ciudad de Chicago a las 8 : 00 pm . Posteriormente, el viernes 14 de junio, Argentina se enfrentar\u00e1 a Guatemala en el Commanders Field en el \u00e1rea metropolitana de Washington DC.<\/p><p>Estados Selecciones se han enfrentado 38 veces, donde la Albiceleste tiene 22 triunfos , 11 empates y solo 5 derrotas ante Ecuador, una clara paternidad de Argentina ante Ecuador.<\/p>\t\t\t\t\t\t<\/div>\n\t\t\t\t<\/div>\n\t\t\t\t\t<\/div>\n\t\t<\/div>\n\t\t\t\t\t\t\t<\/div>\n\t\t<\/section>\n\t\t\t\t\t\t\t<\/div>\n\t\t","protected":false},"excerpt":{"rendered":"<p>El campe\u00f3n mundial y la selecci\u00f3n n\u00famero 1 en el r\u00e1nking de FIFA, Argentina, como&#8230;<\/p>\n","protected":false},"author":2,"featured_media":1109,"comment_status":"open","ping_status":"open","sticky":false,"template":"","format":"standard","meta":{"om_disable_all_campaigns":false,"_monsterinsights_skip_tracking":false,"_monsterinsights_sitenote_active":false,"_monsterinsights_sitenote_note":"","_monsterinsights_sitenote_category":0,"footnotes":""},"categories":[1],"tags":[],"aioseo_notices":[],"featured_image_urls":{"full":["https:\/\/lanostalgiadelfutbol.com\/wp-content\/uploads\/2024\/04\/FB_IMG_1712594739014.jpg",1080,1343,false],"thumbnail":["https:\/\/lanostalgiadelfutbol.com\/wp-content\/uploads\/2024\/04\/FB_IMG_1712594739014-150x150.jpg",150,150,true],"medium":["https:\/\/lanostalgiadelfutbol.com\/wp-content\/uploads\/2024\/04\/FB_IMG_1712594739014-241x300.jpg",241,300,true],"medium_large":["https:\/\/lanostalgiadelfutbol.com\/wp-content\/uploads\/2024\/04\/FB_IMG_1712594739014-768x955.jpg",640,796,true],"large":["https:\/\/lanostalgiadelfutbol.com\/wp-content\/uploads\/2024\/04\/FB_IMG_1712594739014-823x1024.jpg",640,796,true],"1536x1536":["https:\/\/lanostalgiadelfutbol.com\/wp-content\/uploads\/2024\/04\/FB_IMG_1712594739014.jpg",1080,1343,false],"2048x2048":["https:\/\/lanostalgiadelfutbol.com\/wp-content\/uploads\/2024\/04\/FB_IMG_1712594739014.jpg",1080,1343,false],"newsever-slider-full":["https:\/\/lanostalgiadelfutbol.com\/wp-content\/uploads\/2024\/04\/FB_IMG_1712594739014-1080x845.jpg",1080,845,true],"newsever-featured":["https:\/\/lanostalgiadelfutbol.com\/wp-content\/uploads\/2024\/04\/FB_IMG_1712594739014-1024x1273.jpg",1024,1273,true],"newsever-medium":["https:\/\/lanostalgiadelfutbol.com\/wp-content\/uploads\/2024\/04\/FB_IMG_1712594739014-720x475.jpg",720,475,true]},"author_info":{"info":["Ramon"]},"category_info":"<a href=\"https:\/\/lanostalgiadelfutbol.com\/index.php\/category\/blog\/\" rel=\"category tag\">Blog<\/a>","tag_info":"Blog","comment_count":"0","_links":{"self":[{"href":"https:\/\/lanostalgiadelfutbol.com\/index.php\/wp-json\/wp\/v2\/posts\/1108"}],"collection":[{"href":"https:\/\/lanostalgiadelfutbol.com\/index.php\/wp-json\/wp\/v2\/posts"}],"about":[{"href":"https:\/\/lanostalgiadelfutbol.com\/index.php\/wp-json\/wp\/v2\/types\/post"}],"author":[{"embeddable":true,"href":"https:\/\/lanostalgiadelfutbol.com\/index.php\/wp-json\/wp\/v2\/users\/2"}],"replies":[{"embeddable":true,"href":"https:\/\/lanostalgiadelfutbol.com\/index.php\/wp-json\/wp\/v2\/comments?post=1108"}],"version-history":[{"count":10,"href":"https:\/\/lanostalgiadelfutbol.com\/index.php\/wp-json\/wp\/v2\/posts\/1108\/revisions"}],"predecessor-version":[{"id":1120,"href":"https:\/\/lanostalgiadelfutbol.com\/index.php\/wp-json\/wp\/v2\/posts\/1108\/revisions\/1120"}],"wp:featuredmedia":[{"embeddable":true,"href":"https:\/\/lanostalgiadelfutbol.com\/index.php\/wp-json\/wp\/v2\/media\/1109"}],"wp:attachment":[{"href":"https:\/\/lanostalgiadelfutbol.com\/index.php\/wp-json\/wp\/v2\/media?parent=1108"}],"wp:term":[{"taxonomy":"category","embeddable":true,"href":"https:\/\/lanostalgiadelfutbol.com\/index.php\/wp-json\/wp\/v2\/categories?post=1108"},{"taxonomy":"post_tag","embeddable":true,"href":"https:\/\/lanostalgiadelfutbol.com\/index.php\/wp-json\/wp\/v2\/tags?post=1108"}],"curies":[{"name":"wp","href":"https:\/\/api.w.org\/{rel}","templated":true}]}}