{"id":1827,"date":"2024-10-02T19:51:48","date_gmt":"2024-10-02T19:51:48","guid":{"rendered":"https:\/\/lanostalgiadelfutbol.com\/?p=1827"},"modified":"2024-10-02T19:52:22","modified_gmt":"2024-10-02T19:52:22","slug":"copa-oro-2025","status":"publish","type":"post","link":"https:\/\/lanostalgiadelfutbol.com\/index.php\/2024\/10\/02\/copa-oro-2025\/","title":{"rendered":"COPA ORO 2025"},"content":{"rendered":"\t\t<div data-elementor-type=\"wp-post\" data-elementor-id=\"1827\" class=\"elementor elementor-1827\">\n\t\t\t\t\t\t\t\t\t<section class=\"elementor-section elementor-top-section elementor-element elementor-element-9ef171f elementor-section-boxed elementor-section-height-default elementor-section-height-default\" data-id=\"9ef171f\" data-element_type=\"section\">\n\t\t\t\t\t\t<div class=\"elementor-container elementor-column-gap-default\">\n\t\t\t\t\t<div class=\"elementor-column elementor-col-100 elementor-top-column elementor-element elementor-element-e4fe676\" data-id=\"e4fe676\" data-element_type=\"column\">\n\t\t\t<div class=\"elementor-widget-wrap elementor-element-populated\">\n\t\t\t\t\t\t\t\t<div class=\"elementor-element elementor-element-0545105 elementor-widget elementor-widget-text-editor\" data-id=\"0545105\" data-element_type=\"widget\" data-widget_type=\"text-editor.default\">\n\t\t\t\t<div class=\"elementor-widget-container\">\n\t\t\t<style>\/*! elementor - v3.15.0 - 02-08-2023 *\/\n.elementor-widget-text-editor.elementor-drop-cap-view-stacked .elementor-drop-cap{background-color:#69727d;color:#fff}.elementor-widget-text-editor.elementor-drop-cap-view-framed .elementor-drop-cap{color:#69727d;border:3px solid;background-color:transparent}.elementor-widget-text-editor:not(.elementor-drop-cap-view-default) .elementor-drop-cap{margin-top:8px}.elementor-widget-text-editor:not(.elementor-drop-cap-view-default) .elementor-drop-cap-letter{width:1em;height:1em}.elementor-widget-text-editor .elementor-drop-cap{float:left;text-align:center;line-height:1;font-size:50px}.elementor-widget-text-editor .elementor-drop-cap-letter{display:inline-block}<\/style>\t\t\t\t<p>La 18.\u00aa edici\u00f3n de la competencia se jugar\u00e1 el pr\u00f3ximo verano, entre el 14 de junio y el 6 de julio, y contar\u00e1 con la participaci\u00f3n de 16 selecciones nacionales. A tan solo un a\u00f1o de la Copa Mundial de la FIFA 2026, la Copa Oro ofrecer\u00e1 un torneo altamente competitivo para las mejores selecciones nacionales de la regi\u00f3n y una oportunidad para que a\u00fan m\u00e1s aficionados se involucren con el deporte en un momento crucial para su crecimiento en Norteam\u00e9rica, Centroam\u00e9rica y el Caribe.<\/p><p>Durante la edici\u00f3n del pr\u00f3ximo a\u00f1o de este prestigioso torneo, tres sedes albergar\u00e1n partidos de la Copa Oro por primera vez, incluido BC Place (Vancouver, BC), PayPal Park (San Jos\u00e9, CA) y U.S. Bank Stadium (Minneapolis, MN).<\/p><p>M\u00e9xico es el actual campe\u00f3n de la Copa Oro masculina de Concacaf, despu\u00e9s de derrotar a Panam\u00e1 por un marcador de 1-0 en la final del 2023 en un SoFi Stadium completamente lleno en Los \u00c1ngeles, CA. M\u00e9xico tambi\u00e9n posee un r\u00e9cord de nueve t\u00edtulos de la Copa Oro, seguido por Estados Unidos con siete y Canad\u00e1 con uno.<\/p><p>Respecto a este emocionante anuncio de la Copa Oro 2025, el presidente de Concacaf y vicepresidente de la FIFA, V\u00edctor Montagliani, dijo: \u201cLa Copa Oro es nuestro principal evento para las selecciones nacionales masculinas y la edici\u00f3n 2025 sin duda ser\u00e1 un torneo altamente competitivo que ofrecer\u00e1 grandes resultados dentro y fuera de la cancha para los equipos que compiten y sus fan\u00e1ticos. Como el \u00faltimo torneo centralizado oficial en nuestra regi\u00f3n antes de la Copa Mundial de la FIFA 2026, esta Copa Oro representar\u00e1 un gran desaf\u00edo para todas las federaciones participantes y ser\u00e1 fundamental en su preparaci\u00f3n hacia la Copa Mundial de la FIFA. El torneo tambi\u00e9n crear\u00e1 una gran oportunidad para que los fan\u00e1ticos de toda la Confederaci\u00f3n se involucren con el deporte en un momento tan crucial para su desarrollo\u201d.<\/p><p>\u201cQuiero agradecer a los 14 estadios y a las ciudades anfitrionas por su inmenso apoyo a la Copa Oro, a Concacaf y su compromiso de apoyar el crecimiento del juego en nuestra regi\u00f3n\u201d, agreg\u00f3 Montagliani.<\/p><p>Los 14 estadios que albergar\u00e1n partidos de la Copa Oro 2025 son, en orden alfab\u00e9tico por ciudad\/\u00e1rea metropolitana (anteriormente alberg\u00f3 Copas Oro):<br \/>AT&amp;T Stadium &#8211; Arlington, TX (2009, 2011, 2013, 2017, 2021, 2023)<br \/>Q2 Stadium &#8211; Austin, TX (2021)<br \/>Dignity Health Sports Park &#8211; Carson, CA (2005, 2007, 2009, 2011, 2015)<br \/>NRG Stadium &#8211; Houston, TX (2005, 2007, 2009, 2011, 2019, 2021, 2023)<br \/>Shell Energy Stadium &#8211; Houston, TX (2013, 2015, 2017, 2019, 2021, 2023)<br \/>SoFi Stadium &#8211; Inglewood, CA (2023)<br \/>Allegiant Stadium &#8211; Las Vegas, NV (2021, 2023)<br \/>U.S. Bank Stadium &#8211; Minneapolis, MN (sede por primera vez)<br \/>State Farm Stadium &#8211; Phoenix, AZ (2009, 2015, 2017, 2019, 2021, 2023)<br \/>Snapdragon Stadium &#8211; San Diego, CA (2023)<br \/>PayPal Park &#8211; San Jos\u00e9, CA (sede por primera vez)<br \/>Levi&#8217;s Stadium &#8211; Santa Clara, CA (2017, 2023)<br \/>CITYPARK &#8211; St. Louis, MO (2023)<br \/>BC Place &#8211; Vancouver, Canad\u00e1 (sede por primera vez)<br \/>Concacaf confirmar\u00e1 los partidos que albergar\u00e1 cada sede en una fecha posterior.<\/p>\t\t\t\t\t\t<\/div>\n\t\t\t\t<\/div>\n\t\t\t\t<div class=\"elementor-element elementor-element-abd6bec elementor-widget elementor-widget-image\" data-id=\"abd6bec\" data-element_type=\"widget\" data-widget_type=\"image.default\">\n\t\t\t\t<div class=\"elementor-widget-container\">\n\t\t\t<style>\/*! elementor - v3.15.0 - 02-08-2023 *\/\n.elementor-widget-image{text-align:center}.elementor-widget-image a{display:inline-block}.elementor-widget-image a img[src$=\".svg\"]{width:48px}.elementor-widget-image img{vertical-align:middle;display:inline-block}<\/style>\t\t\t\t\t\t\t\t\t\t\t\t<img decoding=\"async\" loading=\"lazy\" width=\"640\" height=\"360\" src=\"https:\/\/lanostalgiadelfutbol.com\/wp-content\/uploads\/2024\/10\/unnamed-5-1024x576.jpg\" class=\"attachment-large size-large wp-image-1828\" alt=\"\" srcset=\"https:\/\/lanostalgiadelfutbol.com\/wp-content\/uploads\/2024\/10\/unnamed-5-1024x576.jpg 1024w, https:\/\/lanostalgiadelfutbol.com\/wp-content\/uploads\/2024\/10\/unnamed-5-300x169.jpg 300w, https:\/\/lanostalgiadelfutbol.com\/wp-content\/uploads\/2024\/10\/unnamed-5-768x432.jpg 768w, https:\/\/lanostalgiadelfutbol.com\/wp-content\/uploads\/2024\/10\/unnamed-5.jpg 1200w\" sizes=\"(max-width: 640px) 100vw, 640px\" \/>\t\t\t\t\t\t\t\t\t\t\t\t\t\t\t<\/div>\n\t\t\t\t<\/div>\n\t\t\t\t<div class=\"elementor-element elementor-element-4c86228 elementor-widget elementor-widget-text-editor\" data-id=\"4c86228\" data-element_type=\"widget\" data-widget_type=\"text-editor.default\">\n\t\t\t\t<div class=\"elementor-widget-container\">\n\t\t\t\t\t\t\t<p><strong>LO M\u00c1S DESTACADO DE LAS SEDES DE LA\u00a0<span class=\"il\">COPA<\/span>\u00a0<span class=\"il\">ORO<\/span><\/strong><br \/><br \/>Las sedes que albergar\u00e1n el torneo por primera vez son:<\/p><ul><li><strong>U.S. Bank Stadium:<\/strong>\u00a0Casa de los Minnesota Vikings de la NFL. Fue sede del Super Bowl LII en 2018.<\/li><li><strong>PayPal Park:\u00a0<\/strong>estadio espec\u00edfico de f\u00fatbol, sede de los San Jose Earthquakes (MLS) y Bay FC (NWSL).<\/li><li><strong>BC Place:<\/strong>\u00a0Uno de los estadios de la\u00a0<span class=\"il\">Copa<\/span>\u00a0Mundial de la FIFA 2026 y sede de Vancouver Whitecaps FC de la Major League Soccer y de los BC Lions (CFL). Ha recibido varios eventos internacionales de f\u00fatbol, incluida la final de la\u00a0<span class=\"il\">Copa<\/span>\u00a0Mundial Femenina de la FIFA 2015.<\/li><\/ul><p>Otros puntos destacados:<\/p><ul><li><strong>Cinco estadios de la\u00a0<span class=\"il\">Copa<\/span>\u00a0Mundial de la FIFA 2026 albergar\u00e1n partidos de la\u00a0<span class=\"il\">Copa<\/span>\u00a0<span class=\"il\">Oro<\/span>\u00a0<span class=\"il\">2025<\/span><\/strong>: AT&amp;T Stadium, BC Place, Levi&#8217;s Stadium, NRG Stadium y SoFi Stadium.<\/li><li><strong>NRG Stadium<\/strong>\u00a0ser\u00e1 sede de la\u00a0<span class=\"il\">Copa<\/span>\u00a0<span class=\"il\">Oro<\/span>\u00a0por octava vez, un r\u00e9cord para el torneo.<\/li><li>La\u00a0<span class=\"il\">Copa<\/span>\u00a0<span class=\"il\">Oro<\/span>\u00a0regresa a Canad\u00e1 por tercera ocasi\u00f3n, segunda edici\u00f3n consecutiva. BMO Field en Toronto fue sede en el 2015 y 2023. La ciudad de Vancouver, BC, ser\u00e1 sede por primera vez.\u00a0<\/li><\/ul><p><strong>FECHAS Y FORMATO DE LA\u00a0<span class=\"il\">COPA<\/span>\u00a0<span class=\"il\">ORO<\/span>\u00a0CONCACAF\u00a0<span class=\"il\">2025<\/span><\/strong><br \/><br \/>La\u00a0<span class=\"il\">Copa<\/span>\u00a0<span class=\"il\">Oro<\/span>\u00a0<span class=\"il\">2025<\/span>\u00a0comenzar\u00e1 con una fase de grupos de 16 equipos: cuatro grupos de cuatro equipos cada uno. Despu\u00e9s de la fase de grupos, entre el 14 y el 24 de junio, los cuatro ganadores de grupo y los cuatro segundos lugares (ocho equipos en total) avanzar\u00e1n a la fase de eliminaci\u00f3n directa.<br \/><br \/>La fase de eliminaci\u00f3n directa iniciar\u00e1 con los cuartos de final el 28 y 29 de junio, seguido de las semifinales el 2 de julio y la final, donde se coronar\u00e1 al nuevo campe\u00f3n de Concacaf, el domingo 6 de julio.<br \/><br \/>Fase de grupos: del 14 al 24 de junio de\u00a0<span class=\"il\">2025<\/span><br \/>Cuartos de final: 28 y 29 de junio de\u00a0<span class=\"il\">2025<\/span><br \/>Semifinales: 2 de julio de\u00a0<span class=\"il\">2025<\/span><br \/>Final: 6 de julio de\u00a0<span class=\"il\">2025<\/span><br \/><br \/><strong>SORTEO OFICIAL<\/strong><br \/><br \/>Concacaf realizar\u00e1 el sorteo oficial de la\u00a0<span class=\"il\">Copa<\/span>\u00a0<span class=\"il\">Oro<\/span>\u00a0<span class=\"il\">2025<\/span>\u00a0el jueves 10 de abril de\u00a0<span class=\"il\">2025<\/span>. Se confirmar\u00e1n m\u00e1s detalles sobre el sorteo en una fecha posterior.<\/p>\t\t\t\t\t\t<\/div>\n\t\t\t\t<\/div>\n\t\t\t\t<div class=\"elementor-element elementor-element-8736082 elementor-widget elementor-widget-video\" data-id=\"8736082\" data-element_type=\"widget\" data-settings=\"{&quot;youtube_url&quot;:&quot;https:\\\/\\\/youtu.be\\\/ZCyrM32X9rY&quot;,&quot;video_type&quot;:&quot;youtube&quot;,&quot;controls&quot;:&quot;yes&quot;}\" data-widget_type=\"video.default\">\n\t\t\t\t<div class=\"elementor-widget-container\">\n\t\t\t<style>\/*! elementor - v3.15.0 - 02-08-2023 *\/\n.elementor-widget-video .elementor-widget-container{overflow:hidden;transform:translateZ(0)}.elementor-widget-video .elementor-wrapper{aspect-ratio:var(--video-aspect-ratio)}.elementor-widget-video .elementor-wrapper iframe,.elementor-widget-video .elementor-wrapper video{height:100%;width:100%;display:flex;border:none;background-color:#000}@supports not (aspect-ratio:1\/1){.elementor-widget-video .elementor-wrapper{position:relative;overflow:hidden;height:0;padding-bottom:calc(100% \/ var(--video-aspect-ratio))}.elementor-widget-video .elementor-wrapper iframe,.elementor-widget-video .elementor-wrapper video{position:absolute;top:0;right:0;bottom:0;left:0}}.elementor-widget-video .elementor-open-inline .elementor-custom-embed-image-overlay{position:absolute;top:0;right:0;bottom:0;left:0;background-size:cover;background-position:50%}.elementor-widget-video .elementor-custom-embed-image-overlay{cursor:pointer;text-align:center}.elementor-widget-video .elementor-custom-embed-image-overlay:hover .elementor-custom-embed-play i{opacity:1}.elementor-widget-video .elementor-custom-embed-image-overlay img{display:block;width:100%;aspect-ratio:var(--video-aspect-ratio);-o-object-fit:cover;object-fit:cover;-o-object-position:center center;object-position:center center}@supports not (aspect-ratio:1\/1){.elementor-widget-video .elementor-custom-embed-image-overlay{position:relative;overflow:hidden;height:0;padding-bottom:calc(100% \/ var(--video-aspect-ratio))}.elementor-widget-video .elementor-custom-embed-image-overlay img{position:absolute;top:0;right:0;bottom:0;left:0}}.elementor-widget-video .e-hosted-video .elementor-video{-o-object-fit:cover;object-fit:cover}.e-con-inner>.elementor-widget-video,.e-con>.elementor-widget-video{width:var(--container-widget-width);--flex-grow:var(--container-widget-flex-grow)}<\/style>\t\t<div class=\"elementor-wrapper elementor-open-inline\">\n\t\t\t<div class=\"elementor-video\"><\/div>\t\t<\/div>\n\t\t\t\t<\/div>\n\t\t\t\t<\/div>\n\t\t\t\t\t<\/div>\n\t\t<\/div>\n\t\t\t\t\t\t\t<\/div>\n\t\t<\/section>\n\t\t\t\t\t\t\t<\/div>\n\t\t","protected":false},"excerpt":{"rendered":"<p>La 18.\u00aa edici\u00f3n de la competencia se jugar\u00e1 el pr\u00f3ximo verano, entre el 14 de&#8230;<\/p>\n","protected":false},"author":2,"featured_media":1828,"comment_status":"open","ping_status":"open","sticky":false,"template":"","format":"standard","meta":{"om_disable_all_campaigns":false,"_monsterinsights_skip_tracking":false,"_monsterinsights_sitenote_active":false,"_monsterinsights_sitenote_note":"","_monsterinsights_sitenote_category":0,"footnotes":""},"categories":[1],"tags":[],"aioseo_notices":[],"featured_image_urls":{"full":["https:\/\/lanostalgiadelfutbol.com\/wp-content\/uploads\/2024\/10\/unnamed-5.jpg",1200,675,false],"thumbnail":["https:\/\/lanostalgiadelfutbol.com\/wp-content\/uploads\/2024\/10\/unnamed-5-150x150.jpg",150,150,true],"medium":["https:\/\/lanostalgiadelfutbol.com\/wp-content\/uploads\/2024\/10\/unnamed-5-300x169.jpg",300,169,true],"medium_large":["https:\/\/lanostalgiadelfutbol.com\/wp-content\/uploads\/2024\/10\/unnamed-5-768x432.jpg",640,360,true],"large":["https:\/\/lanostalgiadelfutbol.com\/wp-content\/uploads\/2024\/10\/unnamed-5-1024x576.jpg",640,360,true],"1536x1536":["https:\/\/lanostalgiadelfutbol.com\/wp-content\/uploads\/2024\/10\/unnamed-5.jpg",1200,675,false],"2048x2048":["https:\/\/lanostalgiadelfutbol.com\/wp-content\/uploads\/2024\/10\/unnamed-5.jpg",1200,675,false],"newsever-slider-full":["https:\/\/lanostalgiadelfutbol.com\/wp-content\/uploads\/2024\/10\/unnamed-5.jpg",1200,675,false],"newsever-featured":["https:\/\/lanostalgiadelfutbol.com\/wp-content\/uploads\/2024\/10\/unnamed-5-1024x576.jpg",1024,576,true],"newsever-medium":["https:\/\/lanostalgiadelfutbol.com\/wp-content\/uploads\/2024\/10\/unnamed-5-720x475.jpg",720,475,true]},"author_info":{"info":["Ramon"]},"category_info":"<a href=\"https:\/\/lanostalgiadelfutbol.com\/index.php\/category\/blog\/\" rel=\"category tag\">Blog<\/a>","tag_info":"Blog","comment_count":"0","_links":{"self":[{"href":"https:\/\/lanostalgiadelfutbol.com\/index.php\/wp-json\/wp\/v2\/posts\/1827"}],"collection":[{"href":"https:\/\/lanostalgiadelfutbol.com\/index.php\/wp-json\/wp\/v2\/posts"}],"about":[{"href":"https:\/\/lanostalgiadelfutbol.com\/index.php\/wp-json\/wp\/v2\/types\/post"}],"author":[{"embeddable":true,"href":"https:\/\/lanostalgiadelfutbol.com\/index.php\/wp-json\/wp\/v2\/users\/2"}],"replies":[{"embeddable":true,"href":"https:\/\/lanostalgiadelfutbol.com\/index.php\/wp-json\/wp\/v2\/comments?post=1827"}],"version-history":[{"count":4,"href":"https:\/\/lanostalgiadelfutbol.com\/index.php\/wp-json\/wp\/v2\/posts\/1827\/revisions"}],"predecessor-version":[{"id":1832,"href":"https:\/\/lanostalgiadelfutbol.com\/index.php\/wp-json\/wp\/v2\/posts\/1827\/revisions\/1832"}],"wp:featuredmedia":[{"embeddable":true,"href":"https:\/\/lanostalgiadelfutbol.com\/index.php\/wp-json\/wp\/v2\/media\/1828"}],"wp:attachment":[{"href":"https:\/\/lanostalgiadelfutbol.com\/index.php\/wp-json\/wp\/v2\/media?parent=1827"}],"wp:term":[{"taxonomy":"category","embeddable":true,"href":"https:\/\/lanostalgiadelfutbol.com\/index.php\/wp-json\/wp\/v2\/categories?post=1827"},{"taxonomy":"post_tag","embeddable":true,"href":"https:\/\/lanostalgiadelfutbol.com\/index.php\/wp-json\/wp\/v2\/tags?post=1827"}],"curies":[{"name":"wp","href":"https:\/\/api.w.org\/{rel}","templated":true}]}}