{"id":873,"date":"2024-01-04T15:54:58","date_gmt":"2024-01-04T15:54:58","guid":{"rendered":"https:\/\/lanostalgiadelfutbol.com\/?p=873"},"modified":"2024-01-04T15:55:31","modified_gmt":"2024-01-04T15:55:31","slug":"confirmada-la-lista-oficial-de-candidatos-para-las-elecciones-vicepresidenciales-de-futbol-de-ee-uu-de-2024","status":"publish","type":"post","link":"https:\/\/lanostalgiadelfutbol.com\/index.php\/2024\/01\/04\/confirmada-la-lista-oficial-de-candidatos-para-las-elecciones-vicepresidenciales-de-futbol-de-ee-uu-de-2024\/","title":{"rendered":"CONFIRMADA LA LISTA OFICIAL DE CANDIDATOS PARA LAS ELECCIONES VICEPRESIDENCIALES DE F\u00daTBOL DE EE. UU. DE 2024"},"content":{"rendered":"\t\t<div data-elementor-type=\"wp-post\" data-elementor-id=\"873\" class=\"elementor elementor-873\">\n\t\t\t\t\t\t\t\t\t<section class=\"elementor-section elementor-top-section elementor-element elementor-element-f3ad984 elementor-section-boxed elementor-section-height-default elementor-section-height-default\" data-id=\"f3ad984\" data-element_type=\"section\">\n\t\t\t\t\t\t<div class=\"elementor-container elementor-column-gap-default\">\n\t\t\t\t\t<div class=\"elementor-column elementor-col-100 elementor-top-column elementor-element elementor-element-d90b7b0\" data-id=\"d90b7b0\" data-element_type=\"column\">\n\t\t\t<div class=\"elementor-widget-wrap elementor-element-populated\">\n\t\t\t\t\t\t\t\t<div class=\"elementor-element elementor-element-891271a elementor-widget elementor-widget-text-editor\" data-id=\"891271a\" data-element_type=\"widget\" data-widget_type=\"text-editor.default\">\n\t\t\t\t<div class=\"elementor-widget-container\">\n\t\t\t<style>\/*! elementor - v3.15.0 - 02-08-2023 *\/\n.elementor-widget-text-editor.elementor-drop-cap-view-stacked .elementor-drop-cap{background-color:#69727d;color:#fff}.elementor-widget-text-editor.elementor-drop-cap-view-framed .elementor-drop-cap{color:#69727d;border:3px solid;background-color:transparent}.elementor-widget-text-editor:not(.elementor-drop-cap-view-default) .elementor-drop-cap{margin-top:8px}.elementor-widget-text-editor:not(.elementor-drop-cap-view-default) .elementor-drop-cap-letter{width:1em;height:1em}.elementor-widget-text-editor .elementor-drop-cap{float:left;text-align:center;line-height:1;font-size:50px}.elementor-widget-text-editor .elementor-drop-cap-letter{display:inline-block}<\/style>\t\t\t\t<p>El Comit\u00e9 de Nominaciones y Gobernanza de US Soccer confirm\u00f3 la lista oficial de candidatos para presentarse a las elecciones como vicepresidente de la Federaci\u00f3n de F\u00fatbol de EE. UU.<\/p><p>\u00a0<\/p><p>Tres candidatos cumplieron con \u00e9xito los requisitos para participar en la elecci\u00f3n, que se llevar\u00e1 a cabo durante la Reuni\u00f3n del Consejo Nacional en la Asamblea General Anual de US Soccer del 8 al 11 de febrero en Dallas.<\/p><p>\u00a0<\/p><p>Candidatos a la vicepresidencia de f\u00fatbol de EE. UU. 2024 (en orden alfab\u00e9tico):\u00a0<a href=\"https:\/\/clicks.ussoccer.com\/f\/a\/8aGHP3r8kbdWNCe4f4U9RQ~~\/AAQRxQA~\/RgRneU06P0RNaHR0cHM6Ly93d3cudXNzb2NjZXIuY29tL2dvdmVybmFuY2UvdmljZS1wcmVzaWRlbnRhbC1lbGVjdGlvbi9taWNoYWVsLWN1bGxpbmFXA3NwY0IKZZQ7yJZl1wSr5VITcmM0OTMxNTkxQGdtYWlsLmNvbVgEAAAA1Q~~\" target=\"_blank\" rel=\"noopener\">Michael Cullina<\/a>\u00a0;\u00a0<a href=\"https:\/\/clicks.ussoccer.com\/f\/a\/wcvO8iAMt5AuBm3sY94keA~~\/AAQRxQA~\/RgRneU06P0RNaHR0cHM6Ly93d3cudXNzb2NjZXIuY29tL2dvdmVybmFuY2UvdmljZS1wcmVzaWRlbnRhbC1lbGVjdGlvbi9uYXRoYW4tZ29sZGJlcmdXA3NwY0IKZZQ7yJZl1wSr5VITcmM0OTMxNTkxQGdtYWlsLmNvbVgEAAAA1Q~~\" target=\"_blank\" rel=\"noopener\">Nathan Goldberg Crenier<\/a>\u00a0;\u00a0<a href=\"https:\/\/clicks.ussoccer.com\/f\/a\/BS8olvnyb138uPcY9uNOCQ~~\/AAQRxQA~\/RgRneU06P0RIaHR0cHM6Ly93d3cudXNzb2NjZXIuY29tL2dvdmVybmFuY2UvdmljZS1wcmVzaWRlbnRhbC1lbGVjdGlvbi9wZXRlLXpvcGZpVwNzcGNCCmWUO8iWZdcEq-VSE3JjNDkzMTU5MUBnbWFpbC5jb21YBAAAANU~\" target=\"_blank\" rel=\"noopener\">Dr. Pete Zopfi.<\/a><\/p>\t\t\t\t\t\t<\/div>\n\t\t\t\t<\/div>\n\t\t\t\t<div class=\"elementor-element elementor-element-61d6d8d elementor-position-top elementor-widget elementor-widget-image-box\" data-id=\"61d6d8d\" data-element_type=\"widget\" data-widget_type=\"image-box.default\">\n\t\t\t\t<div class=\"elementor-widget-container\">\n\t\t\t<style>\/*! elementor - v3.15.0 - 02-08-2023 *\/\n.elementor-widget-image-box .elementor-image-box-content{width:100%}@media (min-width:768px){.elementor-widget-image-box.elementor-position-left .elementor-image-box-wrapper,.elementor-widget-image-box.elementor-position-right .elementor-image-box-wrapper{display:flex}.elementor-widget-image-box.elementor-position-right .elementor-image-box-wrapper{text-align:right;flex-direction:row-reverse}.elementor-widget-image-box.elementor-position-left .elementor-image-box-wrapper{text-align:left;flex-direction:row}.elementor-widget-image-box.elementor-position-top .elementor-image-box-img{margin:auto}.elementor-widget-image-box.elementor-vertical-align-top .elementor-image-box-wrapper{align-items:flex-start}.elementor-widget-image-box.elementor-vertical-align-middle .elementor-image-box-wrapper{align-items:center}.elementor-widget-image-box.elementor-vertical-align-bottom .elementor-image-box-wrapper{align-items:flex-end}}@media (max-width:767px){.elementor-widget-image-box .elementor-image-box-img{margin-left:auto!important;margin-right:auto!important;margin-bottom:15px}}.elementor-widget-image-box .elementor-image-box-img{display:inline-block}.elementor-widget-image-box .elementor-image-box-title a{color:inherit}.elementor-widget-image-box .elementor-image-box-wrapper{text-align:center}.elementor-widget-image-box .elementor-image-box-description{margin:0}<\/style><div class=\"elementor-image-box-wrapper\"><figure class=\"elementor-image-box-img\"><img decoding=\"async\" loading=\"lazy\" width=\"200\" height=\"200\" src=\"https:\/\/lanostalgiadelfutbol.com\/wp-content\/uploads\/2024\/01\/1224_CULLINA.jpeg\" class=\"attachment-full size-full wp-image-875\" alt=\"\" srcset=\"https:\/\/lanostalgiadelfutbol.com\/wp-content\/uploads\/2024\/01\/1224_CULLINA.jpeg 200w, https:\/\/lanostalgiadelfutbol.com\/wp-content\/uploads\/2024\/01\/1224_CULLINA-150x150.jpeg 150w\" sizes=\"(max-width: 200px) 100vw, 200px\" \/><\/figure><div class=\"elementor-image-box-content\"><h3 class=\"elementor-image-box-title\">MICHAEL CULLINA<\/h3><p class=\"elementor-image-box-description\">La carrera de Mike Cullina en el f\u00fatbol abarca casi 35 a\u00f1os con una amplia experiencia comercial y t\u00e9cnica como miembro de la junta directiva, director de la liga, director ejecutivo del club, director t\u00e9cnico del club, director de entrenamiento del club, entrenador con licencia A, instructor de educaci\u00f3n de entrenadores de base y \u00e1rbitro. Actualmente se desempe\u00f1a como Representante del Consejo Juvenil en la Junta Directiva de US Soccer. Anteriormente, sirvi\u00f3 durante un per\u00edodo de dos a\u00f1os como Representante At-Large. Cullina es una voz confiable para el liderazgo de US Soccer, ya que ha sido designada para nueve comit\u00e9s y grupos de trabajo diferentes durante los \u00faltimos cuatro a\u00f1os. Entre los que est\u00e1n en servicio activo se encuentran el Comit\u00e9 de \u00c1rbitros (presidente), el Comit\u00e9 de Implementaci\u00f3n de Yates (vicepresidente), el Comit\u00e9 de Desarrollo T\u00e9cnico y el Grupo de Trabajo de Diversidad en Entrenadores.\n\nCullina ha sido director ejecutivo de US Club Soccer desde 2021. Antes de eso, fue elegido miembro de la Junta Directiva de US Club Soccer desde 2015 y nombrado presidente por unanimidad en 2018.\n\nAntes de servir el juego a escala nacional, Cullina adquiri\u00f3 una valiosa experiencia en liderazgo y gesti\u00f3n de clubes, ligas y eventos como Director Ejecutivo del Prince William Soccer Club y Virginia Development Academy, y como Presidente de la Virginia Premier Soccer League.\n\nCullina se inici\u00f3 en el entrenamiento deportivo de forma colegiada como entrenador principal masculino y femenino en la Universidad de Ottawa y entrenador principal femenino en la Universidad Graceland. Despu\u00e9s de eso, ocup\u00f3 cargos como Director de Entrenamiento y director t\u00e9cnico de m\u00faltiples organizaciones en Nebraska, Ohio y Virginia, incluido DOC y Director de Desarrollo de Jugadores de la Asociaci\u00f3n de F\u00fatbol del Estado de Nebraska.\n\n<\/p><\/div><\/div>\t\t<\/div>\n\t\t\t\t<\/div>\n\t\t\t\t<div class=\"elementor-element elementor-element-39bb667 elementor-position-top elementor-widget elementor-widget-image-box\" data-id=\"39bb667\" data-element_type=\"widget\" data-widget_type=\"image-box.default\">\n\t\t\t\t<div class=\"elementor-widget-container\">\n\t\t\t<div class=\"elementor-image-box-wrapper\"><figure class=\"elementor-image-box-img\"><img decoding=\"async\" loading=\"lazy\" width=\"200\" height=\"200\" src=\"https:\/\/lanostalgiadelfutbol.com\/wp-content\/uploads\/2024\/01\/1224_GOLDBERG.jpeg\" class=\"attachment-full size-full wp-image-876\" alt=\"\" srcset=\"https:\/\/lanostalgiadelfutbol.com\/wp-content\/uploads\/2024\/01\/1224_GOLDBERG.jpeg 200w, https:\/\/lanostalgiadelfutbol.com\/wp-content\/uploads\/2024\/01\/1224_GOLDBERG-150x150.jpeg 150w\" sizes=\"(max-width: 200px) 100vw, 200px\" \/><\/figure><div class=\"elementor-image-box-content\"><h3 class=\"elementor-image-box-title\">NATHAN GOLDBERG CRENIER<\/h3><p class=\"elementor-image-box-description\">Nath\u00e1n Goldberg Crenier es un aficionado y jugador de f\u00fatbol de toda la vida, un consumado ejecutivo del f\u00fatbol y un exitoso l\u00edder de una organizaci\u00f3n sin fines de lucro apasionado por utilizar el poder del f\u00fatbol para hacer del mundo un lugar mejor. M\u00e1s recientemente, fue subdirector general y director de f\u00fatbol del Gotham FC, donde en un a\u00f1o transform\u00f3 al peor equipo de la liga en campeones de la NWSL, gan\u00e1ndose un lugar en la lista New Voices Under 30 del Sports Business Journal.\n\nNath\u00e1n actualmente tiene una beca de investigaci\u00f3n en la Harvard Global Sports Initiative, donde desarrolla enfoques basados \u200b\u200ben evidencia para mejorar el bienestar de los jugadores. Experto en datos de f\u00fatbol, \u200b\u200btambi\u00e9n supervisa un curso de an\u00e1lisis de f\u00fatbol en Harvard y fue panelista en la Conferencia StatsBomb 2023 en Londres por su trabajo innovador basado en datos en el f\u00fatbol femenino. Adem\u00e1s, es asesor pro bono de la junta de f\u00fatbol juvenil de EE. UU. en su iniciativa estrat\u00e9gica del Consejo de Atletas.\n\nAntes de Gotham, Nath\u00e1n se desempe\u00f1\u00f3 como asistente especial de dos presidentes del f\u00fatbol estadounidense, Cindy Cone y Carlos Cordeiro. Ha trabajado como analista de datos para un equipo de la MLS, administr\u00f3 operaciones para un equipo nacional senior de Concacaf y consult\u00f3 para inversionistas en clubes profesionales en Europa.\n\nNath\u00e1n, un orgulloso estadounidense de primera generaci\u00f3n, habla espa\u00f1ol, franc\u00e9s, portugu\u00e9s y alem\u00e1n. Tiene una licencia de entrenador de nivel D y obtuvo un t\u00edtulo conjunto en Filosof\u00eda y Estad\u00edstica en Harvard, donde fue capit\u00e1n del equipo universitario de f\u00fatbol masculino de la Divisi\u00f3n I.\n\nNath\u00e1n fue reconocido recientemente en la lista 30 menores de 30 de Forbes por su impacto como fundador y presidente de una organizaci\u00f3n sin fines de lucro.\n\n<\/p><\/div><\/div>\t\t<\/div>\n\t\t\t\t<\/div>\n\t\t\t\t<div class=\"elementor-element elementor-element-1498e18 elementor-position-top elementor-widget elementor-widget-image-box\" data-id=\"1498e18\" data-element_type=\"widget\" data-widget_type=\"image-box.default\">\n\t\t\t\t<div class=\"elementor-widget-container\">\n\t\t\t<div class=\"elementor-image-box-wrapper\"><figure class=\"elementor-image-box-img\"><img decoding=\"async\" loading=\"lazy\" width=\"200\" height=\"200\" src=\"https:\/\/lanostalgiadelfutbol.com\/wp-content\/uploads\/2024\/01\/1224_ZOPFI.jpeg\" class=\"attachment-full size-full wp-image-877\" alt=\"\" srcset=\"https:\/\/lanostalgiadelfutbol.com\/wp-content\/uploads\/2024\/01\/1224_ZOPFI.jpeg 200w, https:\/\/lanostalgiadelfutbol.com\/wp-content\/uploads\/2024\/01\/1224_ZOPFI-150x150.jpeg 150w\" sizes=\"(max-width: 200px) 100vw, 200px\" \/><\/figure><div class=\"elementor-image-box-content\"><h3 class=\"elementor-image-box-title\">DR. PETE ZOPFI<\/h3><p class=\"elementor-image-box-description\">El Dr. Pete Zopfi naci\u00f3 y creci\u00f3 en el Valle de Napa. Ha sido un estudiante apasionado y partidario del f\u00fatbol toda su vida en varias facetas diferentes de este deporte. Disfrut\u00f3 de una carrera como jugador en varios clubes de California que culmin\u00f3 con per\u00edodos universitarios en la Universidad de California en Davis y la Universidad de San Francisco, en esta \u00faltima ayud\u00f3 a ganar un t\u00edtulo de la Divisi\u00f3n I de la NCAA durante la temporada 1975-76.\n\nTiene licencias de entrenador CYSA F, E, E\/D y D, as\u00ed como licencias de entrenador de f\u00fatbol estadounidense C, B, A y de portero, y ha entrenado en los niveles recreativo, competitivo y ODP, as\u00ed como en campamentos de f\u00fatbol de verano, intramuros universitarios. y secundaria. Es \u00e1rbitro de octavo grado de f\u00fatbol de EE. UU. y tiene una gran experiencia administrativa, incluido el cargo de presidente de la Liga de F\u00fatbol Juvenil Fairfield-Suisun, presidente y miembro de la junta directiva del Solano Soccer Club, una variedad de funciones de liderazgo en la Asociaci\u00f3n de F\u00fatbol Juvenil de California, presidente de US Youth Soccer y como parte de la Junta Directiva de US Soccer.\n\nEl Dr. Zopfi ha estado casado durante 45 a\u00f1os y tiene cinco hijos y seis nietos. Es cirujano traumatol\u00f3gico, general y tor\u00e1cico y actualmente se desempe\u00f1a como director m\u00e9dico de traumatolog\u00eda en NorthBay Medical Center, donde anteriormente fue presidente del departamento de cirug\u00eda y jefe de personal m\u00e9dico.<\/p><\/div><\/div>\t\t<\/div>\n\t\t\t\t<\/div>\n\t\t\t\t\t<\/div>\n\t\t<\/div>\n\t\t\t\t\t\t\t<\/div>\n\t\t<\/section>\n\t\t\t\t\t\t\t<\/div>\n\t\t","protected":false},"excerpt":{"rendered":"<p>El Comit\u00e9 de Nominaciones y Gobernanza de US Soccer confirm\u00f3 la lista oficial de candidatos&#8230;<\/p>\n","protected":false},"author":2,"featured_media":653,"comment_status":"open","ping_status":"open","sticky":false,"template":"","format":"standard","meta":{"om_disable_all_campaigns":false,"_monsterinsights_skip_tracking":false,"_monsterinsights_sitenote_active":false,"_monsterinsights_sitenote_note":"","_monsterinsights_sitenote_category":0,"footnotes":""},"categories":[1],"tags":[],"aioseo_notices":[],"featured_image_urls":{"full":["https:\/\/lanostalgiadelfutbol.com\/wp-content\/uploads\/2023\/12\/usa-e1702521374962.jpeg",304,90,false],"thumbnail":["https:\/\/lanostalgiadelfutbol.com\/wp-content\/uploads\/2023\/12\/usa-e1702521374962-150x90.jpeg",150,90,true],"medium":["https:\/\/lanostalgiadelfutbol.com\/wp-content\/uploads\/2023\/12\/usa-e1702521374962-300x89.jpeg",300,89,true],"medium_large":["https:\/\/lanostalgiadelfutbol.com\/wp-content\/uploads\/2023\/12\/usa-e1702521374962.jpeg",304,90,false],"large":["https:\/\/lanostalgiadelfutbol.com\/wp-content\/uploads\/2023\/12\/usa-e1702521374962.jpeg",304,90,false],"1536x1536":["https:\/\/lanostalgiadelfutbol.com\/wp-content\/uploads\/2023\/12\/usa-e1702521374962.jpeg",304,90,false],"2048x2048":["https:\/\/lanostalgiadelfutbol.com\/wp-content\/uploads\/2023\/12\/usa-e1702521374962.jpeg",304,90,false],"newsever-slider-full":["https:\/\/lanostalgiadelfutbol.com\/wp-content\/uploads\/2023\/12\/usa-e1702521374962.jpeg",304,90,false],"newsever-featured":["https:\/\/lanostalgiadelfutbol.com\/wp-content\/uploads\/2023\/12\/usa-e1702521374962.jpeg",304,90,false],"newsever-medium":["https:\/\/lanostalgiadelfutbol.com\/wp-content\/uploads\/2023\/12\/usa-e1702521374962.jpeg",304,90,false]},"author_info":{"info":["Ramon"]},"category_info":"<a href=\"https:\/\/lanostalgiadelfutbol.com\/index.php\/category\/blog\/\" rel=\"category tag\">Blog<\/a>","tag_info":"Blog","comment_count":"0","_links":{"self":[{"href":"https:\/\/lanostalgiadelfutbol.com\/index.php\/wp-json\/wp\/v2\/posts\/873"}],"collection":[{"href":"https:\/\/lanostalgiadelfutbol.com\/index.php\/wp-json\/wp\/v2\/posts"}],"about":[{"href":"https:\/\/lanostalgiadelfutbol.com\/index.php\/wp-json\/wp\/v2\/types\/post"}],"author":[{"embeddable":true,"href":"https:\/\/lanostalgiadelfutbol.com\/index.php\/wp-json\/wp\/v2\/users\/2"}],"replies":[{"embeddable":true,"href":"https:\/\/lanostalgiadelfutbol.com\/index.php\/wp-json\/wp\/v2\/comments?post=873"}],"version-history":[{"count":4,"href":"https:\/\/lanostalgiadelfutbol.com\/index.php\/wp-json\/wp\/v2\/posts\/873\/revisions"}],"predecessor-version":[{"id":880,"href":"https:\/\/lanostalgiadelfutbol.com\/index.php\/wp-json\/wp\/v2\/posts\/873\/revisions\/880"}],"wp:featuredmedia":[{"embeddable":true,"href":"https:\/\/lanostalgiadelfutbol.com\/index.php\/wp-json\/wp\/v2\/media\/653"}],"wp:attachment":[{"href":"https:\/\/lanostalgiadelfutbol.com\/index.php\/wp-json\/wp\/v2\/media?parent=873"}],"wp:term":[{"taxonomy":"category","embeddable":true,"href":"https:\/\/lanostalgiadelfutbol.com\/index.php\/wp-json\/wp\/v2\/categories?post=873"},{"taxonomy":"post_tag","embeddable":true,"href":"https:\/\/lanostalgiadelfutbol.com\/index.php\/wp-json\/wp\/v2\/tags?post=873"}],"curies":[{"name":"wp","href":"https:\/\/api.w.org\/{rel}","templated":true}]}}