{"id":909,"date":"2024-01-09T20:49:52","date_gmt":"2024-01-09T20:49:52","guid":{"rendered":"https:\/\/lanostalgiadelfutbol.com\/?p=909"},"modified":"2024-01-09T20:53:27","modified_gmt":"2024-01-09T20:53:27","slug":"este-viernes-12-de-enero-arranca-la-liga-mx","status":"publish","type":"post","link":"https:\/\/lanostalgiadelfutbol.com\/index.php\/2024\/01\/09\/este-viernes-12-de-enero-arranca-la-liga-mx\/","title":{"rendered":"Este VIERNES  12 de Enero arranca la Liga MX"},"content":{"rendered":"\t\t<div data-elementor-type=\"wp-post\" data-elementor-id=\"909\" class=\"elementor elementor-909\">\n\t\t\t\t\t\t\t\t\t<section class=\"elementor-section elementor-top-section elementor-element elementor-element-e2036ad elementor-section-boxed elementor-section-height-default elementor-section-height-default\" data-id=\"e2036ad\" data-element_type=\"section\">\n\t\t\t\t\t\t<div class=\"elementor-container elementor-column-gap-default\">\n\t\t\t\t\t<div class=\"elementor-column elementor-col-100 elementor-top-column elementor-element elementor-element-dc67f3c\" data-id=\"dc67f3c\" data-element_type=\"column\">\n\t\t\t<div class=\"elementor-widget-wrap elementor-element-populated\">\n\t\t\t\t\t\t\t\t<div class=\"elementor-element elementor-element-a5cfad6 elementor-arrows-position-inside elementor-pagination-position-outside elementor-widget elementor-widget-image-carousel\" data-id=\"a5cfad6\" data-element_type=\"widget\" data-settings=\"{&quot;navigation&quot;:&quot;both&quot;,&quot;autoplay&quot;:&quot;yes&quot;,&quot;pause_on_hover&quot;:&quot;yes&quot;,&quot;pause_on_interaction&quot;:&quot;yes&quot;,&quot;autoplay_speed&quot;:5000,&quot;infinite&quot;:&quot;yes&quot;,&quot;speed&quot;:500}\" data-widget_type=\"image-carousel.default\">\n\t\t\t\t<div class=\"elementor-widget-container\">\n\t\t\t<style>\/*! elementor - v3.15.0 - 02-08-2023 *\/\n.elementor-widget-image-carousel .swiper,.elementor-widget-image-carousel .swiper-container{position:static}.elementor-widget-image-carousel .swiper-container .swiper-slide figure,.elementor-widget-image-carousel .swiper .swiper-slide figure{line-height:inherit}.elementor-widget-image-carousel .swiper-slide{text-align:center}.elementor-image-carousel-wrapper:not(.swiper-container-initialized):not(.swiper-initialized) .swiper-slide{max-width:calc(100% \/ var(--e-image-carousel-slides-to-show, 3))}<\/style>\t\t<div class=\"elementor-image-carousel-wrapper swiper\" dir=\"ltr\">\n\t\t\t<div class=\"elementor-image-carousel swiper-wrapper\" aria-live=\"off\">\n\t\t\t\t\t\t\t\t<div class=\"swiper-slide\" role=\"group\" aria-roledescription=\"slide\" aria-label=\"1 of 6\"><figure class=\"swiper-slide-inner\"><img decoding=\"async\" class=\"swiper-slide-image\" src=\"https:\/\/lanostalgiadelfutbol.com\/wp-content\/uploads\/2024\/01\/FB_IMG_1704795781698-150x150.jpg\" alt=\"FB_IMG_1704795781698\" \/><\/figure><\/div><div class=\"swiper-slide\" role=\"group\" aria-roledescription=\"slide\" aria-label=\"2 of 6\"><figure class=\"swiper-slide-inner\"><img decoding=\"async\" class=\"swiper-slide-image\" src=\"https:\/\/lanostalgiadelfutbol.com\/wp-content\/uploads\/2024\/01\/FB_IMG_1704795784343-150x150.jpg\" alt=\"FB_IMG_1704795784343\" \/><\/figure><\/div><div class=\"swiper-slide\" role=\"group\" aria-roledescription=\"slide\" aria-label=\"3 of 6\"><figure class=\"swiper-slide-inner\"><img decoding=\"async\" class=\"swiper-slide-image\" src=\"https:\/\/lanostalgiadelfutbol.com\/wp-content\/uploads\/2024\/01\/FB_IMG_1704795775999-150x150.jpg\" alt=\"FB_IMG_1704795775999\" \/><\/figure><\/div><div class=\"swiper-slide\" role=\"group\" aria-roledescription=\"slide\" aria-label=\"4 of 6\"><figure class=\"swiper-slide-inner\"><img decoding=\"async\" class=\"swiper-slide-image\" src=\"https:\/\/lanostalgiadelfutbol.com\/wp-content\/uploads\/2024\/01\/FB_IMG_1704795788649-150x150.jpg\" alt=\"FB_IMG_1704795788649\" \/><\/figure><\/div><div class=\"swiper-slide\" role=\"group\" aria-roledescription=\"slide\" aria-label=\"5 of 6\"><figure class=\"swiper-slide-inner\"><img decoding=\"async\" class=\"swiper-slide-image\" src=\"https:\/\/lanostalgiadelfutbol.com\/wp-content\/uploads\/2024\/01\/FB_IMG_1704795773136-150x150.jpg\" alt=\"FB_IMG_1704795773136\" \/><\/figure><\/div><div class=\"swiper-slide\" role=\"group\" aria-roledescription=\"slide\" aria-label=\"6 of 6\"><figure class=\"swiper-slide-inner\"><img decoding=\"async\" class=\"swiper-slide-image\" src=\"https:\/\/lanostalgiadelfutbol.com\/wp-content\/uploads\/2024\/01\/FB_IMG_1704795778860-150x150.jpg\" alt=\"FB_IMG_1704795778860\" \/><\/figure><\/div>\t\t\t<\/div>\n\t\t\t\t\t\t\t\t\t\t\t\t<div class=\"elementor-swiper-button elementor-swiper-button-prev\" role=\"button\" tabindex=\"0\">\n\t\t\t\t\t\t<i aria-hidden=\"true\" class=\"eicon-chevron-left\"><\/i>\t\t\t\t\t<\/div>\n\t\t\t\t\t<div class=\"elementor-swiper-button elementor-swiper-button-next\" role=\"button\" tabindex=\"0\">\n\t\t\t\t\t\t<i aria-hidden=\"true\" class=\"eicon-chevron-right\"><\/i>\t\t\t\t\t<\/div>\n\t\t\t\t\n\t\t\t\t\t\t\t\t\t<div class=\"swiper-pagination\"><\/div>\n\t\t\t\t\t\t\t\t\t<\/div>\n\t\t\t\t<\/div>\n\t\t\t\t<\/div>\n\t\t\t\t<div class=\"elementor-element elementor-element-c27d190 elementor-widget elementor-widget-heading\" data-id=\"c27d190\" data-element_type=\"widget\" data-widget_type=\"heading.default\">\n\t\t\t\t<div class=\"elementor-widget-container\">\n\t\t\t<style>\/*! elementor - v3.15.0 - 02-08-2023 *\/\n.elementor-heading-title{padding:0;margin:0;line-height:1}.elementor-widget-heading .elementor-heading-title[class*=elementor-size-]>a{color:inherit;font-size:inherit;line-height:inherit}.elementor-widget-heading .elementor-heading-title.elementor-size-small{font-size:15px}.elementor-widget-heading .elementor-heading-title.elementor-size-medium{font-size:19px}.elementor-widget-heading .elementor-heading-title.elementor-size-large{font-size:29px}.elementor-widget-heading .elementor-heading-title.elementor-size-xl{font-size:39px}.elementor-widget-heading .elementor-heading-title.elementor-size-xxl{font-size:59px}<\/style><h2 class=\"elementor-heading-title elementor-size-default\">6 DIRECTORES TECNICOS NUEVOS EN EL FUTBOL MEXICANO.<\/h2>\t\t<\/div>\n\t\t\t\t<\/div>\n\t\t\t\t<div class=\"elementor-element elementor-element-be9ef37 elementor-widget elementor-widget-text-editor\" data-id=\"be9ef37\" data-element_type=\"widget\" data-widget_type=\"text-editor.default\">\n\t\t\t\t<div class=\"elementor-widget-container\">\n\t\t\t<style>\/*! elementor - v3.15.0 - 02-08-2023 *\/\n.elementor-widget-text-editor.elementor-drop-cap-view-stacked .elementor-drop-cap{background-color:#69727d;color:#fff}.elementor-widget-text-editor.elementor-drop-cap-view-framed .elementor-drop-cap{color:#69727d;border:3px solid;background-color:transparent}.elementor-widget-text-editor:not(.elementor-drop-cap-view-default) .elementor-drop-cap{margin-top:8px}.elementor-widget-text-editor:not(.elementor-drop-cap-view-default) .elementor-drop-cap-letter{width:1em;height:1em}.elementor-widget-text-editor .elementor-drop-cap{float:left;text-align:center;line-height:1;font-size:50px}.elementor-widget-text-editor .elementor-drop-cap-letter{display:inline-block}<\/style>\t\t\t\t\t\t\t\t\t\t<\/div>\n\t\t\t\t<\/div>\n\t\t\t\t\t<\/div>\n\t\t<\/div>\n\t\t\t\t\t\t\t<\/div>\n\t\t<\/section>\n\t\t\t\t<section class=\"elementor-section elementor-top-section elementor-element elementor-element-6639954 elementor-section-boxed elementor-section-height-default elementor-section-height-default\" data-id=\"6639954\" data-element_type=\"section\">\n\t\t\t\t\t\t<div class=\"elementor-container elementor-column-gap-default\">\n\t\t\t\t\t<div class=\"elementor-column elementor-col-100 elementor-top-column elementor-element elementor-element-92594e7\" data-id=\"92594e7\" data-element_type=\"column\">\n\t\t\t<div class=\"elementor-widget-wrap elementor-element-populated\">\n\t\t\t\t\t\t\t\t<div class=\"elementor-element elementor-element-95f908b elementor-widget elementor-widget-text-editor\" data-id=\"95f908b\" data-element_type=\"widget\" data-widget_type=\"text-editor.default\">\n\t\t\t\t<div class=\"elementor-widget-container\">\n\t\t\t\t\t\t\t<p>Fernando Gago al frente de el Guadalajara y Martin Anselmi como timonel del Cruz azul , seran los dos directores tecnicos que iniciaran este torneo de Clausura 2024 con muchos mas presion que sus colegas ,\u00a0 ya que chivas y cruz azul dos de los equipos llamados grandes fracasaron el pasado torneo.<\/p><p>Fernando Gago a sus 37 anos tiene la responsabilidad junto con Fernando Hierro de armar un buen equipo para encarar el torneo y asi buscar la anciada 13 que chivas no consigue un campeonato desde el 2017 , y Gago desde el primer momento que piso Guadalajara mostro cual va ser su exigencias para los jugadores empezando por la famosa bascula que Gago a implantado en los equipos que ah dirigido , y causando polemica no tomar en cuenta a la estrella o mejor dicho estrellado Alexis Vega para este torneo .\u00a0<\/p><p>Gago y sus Chivas debutan este Sabado 13 de Enero ante Santos en el Akron casa de Chivas.<\/p>\t\t\t\t\t\t<\/div>\n\t\t\t\t<\/div>\n\t\t\t\t<div class=\"elementor-element elementor-element-10acffb elementor-widget elementor-widget-image\" data-id=\"10acffb\" data-element_type=\"widget\" data-widget_type=\"image.default\">\n\t\t\t\t<div class=\"elementor-widget-container\">\n\t\t\t<style>\/*! elementor - v3.15.0 - 02-08-2023 *\/\n.elementor-widget-image{text-align:center}.elementor-widget-image a{display:inline-block}.elementor-widget-image a img[src$=\".svg\"]{width:48px}.elementor-widget-image img{vertical-align:middle;display:inline-block}<\/style>\t\t\t\t\t\t\t\t\t\t\t\t<img decoding=\"async\" loading=\"lazy\" width=\"640\" height=\"800\" src=\"https:\/\/lanostalgiadelfutbol.com\/wp-content\/uploads\/2024\/01\/FB_IMG_1704798475532-819x1024.jpg\" class=\"attachment-large size-large wp-image-919\" alt=\"\" srcset=\"https:\/\/lanostalgiadelfutbol.com\/wp-content\/uploads\/2024\/01\/FB_IMG_1704798475532-819x1024.jpg 819w, https:\/\/lanostalgiadelfutbol.com\/wp-content\/uploads\/2024\/01\/FB_IMG_1704798475532-240x300.jpg 240w, https:\/\/lanostalgiadelfutbol.com\/wp-content\/uploads\/2024\/01\/FB_IMG_1704798475532-768x960.jpg 768w, https:\/\/lanostalgiadelfutbol.com\/wp-content\/uploads\/2024\/01\/FB_IMG_1704798475532-1024x1280.jpg 1024w, https:\/\/lanostalgiadelfutbol.com\/wp-content\/uploads\/2024\/01\/FB_IMG_1704798475532.jpg 1080w\" sizes=\"(max-width: 640px) 100vw, 640px\" \/>\t\t\t\t\t\t\t\t\t\t\t\t\t\t\t<\/div>\n\t\t\t\t<\/div>\n\t\t\t\t<div class=\"elementor-element elementor-element-3f483e8 elementor-widget elementor-widget-text-editor\" data-id=\"3f483e8\" data-element_type=\"widget\" data-widget_type=\"text-editor.default\">\n\t\t\t\t<div class=\"elementor-widget-container\">\n\t\t\t\t\t\t\t<p>Martin Anselmi , tendra que regresar al Cruz Azul a los primeros lugares que despu\u00e9s de aquel magistral 2021 no ah podido a ser el gran equipo , claro por muchas malas decisiones administrativas , pero hoy Anselmi junto con los refuerzos que trajo, al delantero uruguayo Gabriel Fern\u00e1ndez, al guardameta colombiano Kevin Mier, al lateral argentino Gonzalo Piovi, al defensa uruguayo Camilo C\u00e1ndido, al centrocampista argentino Lorenzo Faravelli y al portero mexicano Luis Jim\u00e9nez. Trataran de regresar a los primeros lugares y a buscar el 10 titulo .<\/p><p>Otros nuevos entrenador en el Clausura 2024 ser\u00e1n el espa\u00f1ol Be\u00f1at San Jos\u00e9, en el Atlas; el portugu\u00e9s Renato Paiva, Toluca; el uruguayo Jorge Bava, Le\u00f3n, y el argentino Gustavo Lema, quien debutar\u00e1 en un banquillo al comandar a los Pumas UNAM.<\/p><p>\u00a0<\/p>\t\t\t\t\t\t<\/div>\n\t\t\t\t<\/div>\n\t\t\t\t<div class=\"elementor-element elementor-element-308c869 elementor-widget elementor-widget-image\" data-id=\"308c869\" data-element_type=\"widget\" data-widget_type=\"image.default\">\n\t\t\t\t<div class=\"elementor-widget-container\">\n\t\t\t\t\t\t\t\t\t\t\t\t\t\t\t<img decoding=\"async\" loading=\"lazy\" width=\"640\" height=\"800\" src=\"https:\/\/lanostalgiadelfutbol.com\/wp-content\/uploads\/2024\/01\/FB_IMG_1704833112875-819x1024.jpg\" class=\"attachment-large size-large wp-image-920\" alt=\"\" srcset=\"https:\/\/lanostalgiadelfutbol.com\/wp-content\/uploads\/2024\/01\/FB_IMG_1704833112875-819x1024.jpg 819w, https:\/\/lanostalgiadelfutbol.com\/wp-content\/uploads\/2024\/01\/FB_IMG_1704833112875-240x300.jpg 240w, https:\/\/lanostalgiadelfutbol.com\/wp-content\/uploads\/2024\/01\/FB_IMG_1704833112875-768x960.jpg 768w, https:\/\/lanostalgiadelfutbol.com\/wp-content\/uploads\/2024\/01\/FB_IMG_1704833112875-1024x1280.jpg 1024w, https:\/\/lanostalgiadelfutbol.com\/wp-content\/uploads\/2024\/01\/FB_IMG_1704833112875.jpg 1080w\" sizes=\"(max-width: 640px) 100vw, 640px\" \/>\t\t\t\t\t\t\t\t\t\t\t\t\t\t\t<\/div>\n\t\t\t\t<\/div>\n\t\t\t\t<div class=\"elementor-element elementor-element-cf5a30d elementor-widget elementor-widget-text-editor\" data-id=\"cf5a30d\" data-element_type=\"widget\" data-widget_type=\"text-editor.default\">\n\t\t\t\t<div class=\"elementor-widget-container\">\n\t\t\t\t\t\t\t<p>El Campeon del futbol Mexicano esta listo para debutar y Jardine y compania solo se hicieron de dos fichajes que causaron revuelo en los medios Cristian el Chicote Calderon procedente de chivas y Diego Esqueda procedente de pachuca el Club America inicia el torneo el proximo Sabado 13 de Enero .<\/p>\t\t\t\t\t\t<\/div>\n\t\t\t\t<\/div>\n\t\t\t\t<div class=\"elementor-element elementor-element-d0fd7ad elementor-widget elementor-widget-image\" data-id=\"d0fd7ad\" data-element_type=\"widget\" data-widget_type=\"image.default\">\n\t\t\t\t<div class=\"elementor-widget-container\">\n\t\t\t\t\t\t\t\t\t\t\t\t\t\t\t<img decoding=\"async\" loading=\"lazy\" width=\"640\" height=\"411\" src=\"https:\/\/lanostalgiadelfutbol.com\/wp-content\/uploads\/2024\/01\/FB_IMG_1704235746794-1024x657.jpg\" class=\"attachment-large size-large wp-image-921\" alt=\"\" srcset=\"https:\/\/lanostalgiadelfutbol.com\/wp-content\/uploads\/2024\/01\/FB_IMG_1704235746794-1024x657.jpg 1024w, https:\/\/lanostalgiadelfutbol.com\/wp-content\/uploads\/2024\/01\/FB_IMG_1704235746794-300x193.jpg 300w, https:\/\/lanostalgiadelfutbol.com\/wp-content\/uploads\/2024\/01\/FB_IMG_1704235746794-768x493.jpg 768w, https:\/\/lanostalgiadelfutbol.com\/wp-content\/uploads\/2024\/01\/FB_IMG_1704235746794.jpg 1080w\" sizes=\"(max-width: 640px) 100vw, 640px\" \/>\t\t\t\t\t\t\t\t\t\t\t\t\t\t\t<\/div>\n\t\t\t\t<\/div>\n\t\t\t\t\t<\/div>\n\t\t<\/div>\n\t\t\t\t\t\t\t<\/div>\n\t\t<\/section>\n\t\t\t\t\t\t\t<\/div>\n\t\t","protected":false},"excerpt":{"rendered":"<p>6 DIRECTORES TECNICOS NUEVOS EN EL FUTBOL MEXICANO. Fernando Gago al frente de el Guadalajara&#8230;<\/p>\n","protected":false},"author":2,"featured_media":910,"comment_status":"open","ping_status":"open","sticky":false,"template":"","format":"standard","meta":{"om_disable_all_campaigns":false,"_monsterinsights_skip_tracking":false,"_monsterinsights_sitenote_active":false,"_monsterinsights_sitenote_note":"","_monsterinsights_sitenote_category":0,"footnotes":""},"categories":[1],"tags":[],"aioseo_notices":[],"featured_image_urls":{"full":["https:\/\/lanostalgiadelfutbol.com\/wp-content\/uploads\/2024\/01\/FB_IMG_1704828721470.jpg",1000,1080,false],"thumbnail":["https:\/\/lanostalgiadelfutbol.com\/wp-content\/uploads\/2024\/01\/FB_IMG_1704828721470-150x150.jpg",150,150,true],"medium":["https:\/\/lanostalgiadelfutbol.com\/wp-content\/uploads\/2024\/01\/FB_IMG_1704828721470-278x300.jpg",278,300,true],"medium_large":["https:\/\/lanostalgiadelfutbol.com\/wp-content\/uploads\/2024\/01\/FB_IMG_1704828721470-768x829.jpg",640,691,true],"large":["https:\/\/lanostalgiadelfutbol.com\/wp-content\/uploads\/2024\/01\/FB_IMG_1704828721470-948x1024.jpg",640,691,true],"1536x1536":["https:\/\/lanostalgiadelfutbol.com\/wp-content\/uploads\/2024\/01\/FB_IMG_1704828721470.jpg",1000,1080,false],"2048x2048":["https:\/\/lanostalgiadelfutbol.com\/wp-content\/uploads\/2024\/01\/FB_IMG_1704828721470.jpg",1000,1080,false],"newsever-slider-full":["https:\/\/lanostalgiadelfutbol.com\/wp-content\/uploads\/2024\/01\/FB_IMG_1704828721470-1000x845.jpg",1000,845,true],"newsever-featured":["https:\/\/lanostalgiadelfutbol.com\/wp-content\/uploads\/2024\/01\/FB_IMG_1704828721470.jpg",1000,1080,false],"newsever-medium":["https:\/\/lanostalgiadelfutbol.com\/wp-content\/uploads\/2024\/01\/FB_IMG_1704828721470-720x475.jpg",720,475,true]},"author_info":{"info":["Ramon"]},"category_info":"<a href=\"https:\/\/lanostalgiadelfutbol.com\/index.php\/category\/blog\/\" rel=\"category tag\">Blog<\/a>","tag_info":"Blog","comment_count":"0","_links":{"self":[{"href":"https:\/\/lanostalgiadelfutbol.com\/index.php\/wp-json\/wp\/v2\/posts\/909"}],"collection":[{"href":"https:\/\/lanostalgiadelfutbol.com\/index.php\/wp-json\/wp\/v2\/posts"}],"about":[{"href":"https:\/\/lanostalgiadelfutbol.com\/index.php\/wp-json\/wp\/v2\/types\/post"}],"author":[{"embeddable":true,"href":"https:\/\/lanostalgiadelfutbol.com\/index.php\/wp-json\/wp\/v2\/users\/2"}],"replies":[{"embeddable":true,"href":"https:\/\/lanostalgiadelfutbol.com\/index.php\/wp-json\/wp\/v2\/comments?post=909"}],"version-history":[{"count":5,"href":"https:\/\/lanostalgiadelfutbol.com\/index.php\/wp-json\/wp\/v2\/posts\/909\/revisions"}],"predecessor-version":[{"id":924,"href":"https:\/\/lanostalgiadelfutbol.com\/index.php\/wp-json\/wp\/v2\/posts\/909\/revisions\/924"}],"wp:featuredmedia":[{"embeddable":true,"href":"https:\/\/lanostalgiadelfutbol.com\/index.php\/wp-json\/wp\/v2\/media\/910"}],"wp:attachment":[{"href":"https:\/\/lanostalgiadelfutbol.com\/index.php\/wp-json\/wp\/v2\/media?parent=909"}],"wp:term":[{"taxonomy":"category","embeddable":true,"href":"https:\/\/lanostalgiadelfutbol.com\/index.php\/wp-json\/wp\/v2\/categories?post=909"},{"taxonomy":"post_tag","embeddable":true,"href":"https:\/\/lanostalgiadelfutbol.com\/index.php\/wp-json\/wp\/v2\/tags?post=909"}],"curies":[{"name":"wp","href":"https:\/\/api.w.org\/{rel}","templated":true}]}}