{"id":925,"date":"2024-01-10T19:27:10","date_gmt":"2024-01-10T19:27:10","guid":{"rendered":"https:\/\/lanostalgiadelfutbol.com\/?p=925"},"modified":"2024-01-10T19:27:56","modified_gmt":"2024-01-10T19:27:56","slug":"copa-oro-w-concacaf-2024","status":"publish","type":"post","link":"https:\/\/lanostalgiadelfutbol.com\/index.php\/2024\/01\/10\/copa-oro-w-concacaf-2024\/","title":{"rendered":"Copa Oro W Concacaf 2024"},"content":{"rendered":"\t\t<div data-elementor-type=\"wp-post\" data-elementor-id=\"925\" class=\"elementor elementor-925\">\n\t\t\t\t\t\t\t\t\t<section class=\"elementor-section elementor-top-section elementor-element elementor-element-10a5555 elementor-section-boxed elementor-section-height-default elementor-section-height-default\" data-id=\"10a5555\" data-element_type=\"section\">\n\t\t\t\t\t\t<div class=\"elementor-container elementor-column-gap-default\">\n\t\t\t\t\t<div class=\"elementor-column elementor-col-100 elementor-top-column elementor-element elementor-element-11ee711\" data-id=\"11ee711\" data-element_type=\"column\">\n\t\t\t<div class=\"elementor-widget-wrap elementor-element-populated\">\n\t\t\t\t\t\t\t\t<div class=\"elementor-element elementor-element-700d8be elementor-widget elementor-widget-text-editor\" data-id=\"700d8be\" data-element_type=\"widget\" data-widget_type=\"text-editor.default\">\n\t\t\t\t<div class=\"elementor-widget-container\">\n\t\t\t<style>\/*! elementor - v3.15.0 - 02-08-2023 *\/\n.elementor-widget-text-editor.elementor-drop-cap-view-stacked .elementor-drop-cap{background-color:#69727d;color:#fff}.elementor-widget-text-editor.elementor-drop-cap-view-framed .elementor-drop-cap{color:#69727d;border:3px solid;background-color:transparent}.elementor-widget-text-editor:not(.elementor-drop-cap-view-default) .elementor-drop-cap{margin-top:8px}.elementor-widget-text-editor:not(.elementor-drop-cap-view-default) .elementor-drop-cap-letter{width:1em;height:1em}.elementor-widget-text-editor .elementor-drop-cap{float:left;text-align:center;line-height:1;font-size:50px}.elementor-widget-text-editor .elementor-drop-cap-letter{display:inline-block}<\/style>\t\t\t\t<p>La edici\u00f3n inaugural de la nueva competencia insignia de la regi\u00f3n para selecciones nacionales femeninas se jugar\u00e1 del 17 de febrero al 10 de marzo de 2024, en cuatro sedes en tres \u00e1reas metropolitanas de los Estados Unidos. La competencia incluye la participaci\u00f3n de las 15 mejores selecciones nacionales femeninas de Concacaf y CONMEBOL, y a algunas de las mejores jugadoras del mundo. M\u00e1s detalles de la competencia est\u00e1n disponibles\u00a0<a href=\"https:\/\/concacaf.us6.list-manage.com\/track\/click?u=78d3589fb61466b549ff752e5&amp;id=0eaa3c8f1b&amp;e=bec986d088\" target=\"_blank\" rel=\"noopener\" data-saferedirecturl=\"https:\/\/www.google.com\/url?q=https:\/\/concacaf.us6.list-manage.com\/track\/click?u%3D78d3589fb61466b549ff752e5%26id%3D0eaa3c8f1b%26e%3Dbec986d088&amp;source=gmail&amp;ust=1705000442783000&amp;usg=AOvVaw0fC7fRZEaD6jvKQlwhmDxn\">aqu\u00ed<\/a>.<\/p>\t\t\t\t\t\t<\/div>\n\t\t\t\t<\/div>\n\t\t\t\t<div class=\"elementor-element elementor-element-cb8b505 elementor-widget elementor-widget-video\" data-id=\"cb8b505\" data-element_type=\"widget\" data-settings=\"{&quot;youtube_url&quot;:&quot;https:\\\/\\\/youtu.be\\\/SuPY5CAyJWc&quot;,&quot;video_type&quot;:&quot;youtube&quot;,&quot;controls&quot;:&quot;yes&quot;}\" data-widget_type=\"video.default\">\n\t\t\t\t<div class=\"elementor-widget-container\">\n\t\t\t<style>\/*! elementor - v3.15.0 - 02-08-2023 *\/\n.elementor-widget-video .elementor-widget-container{overflow:hidden;transform:translateZ(0)}.elementor-widget-video .elementor-wrapper{aspect-ratio:var(--video-aspect-ratio)}.elementor-widget-video .elementor-wrapper iframe,.elementor-widget-video .elementor-wrapper video{height:100%;width:100%;display:flex;border:none;background-color:#000}@supports not (aspect-ratio:1\/1){.elementor-widget-video .elementor-wrapper{position:relative;overflow:hidden;height:0;padding-bottom:calc(100% \/ var(--video-aspect-ratio))}.elementor-widget-video .elementor-wrapper iframe,.elementor-widget-video .elementor-wrapper video{position:absolute;top:0;right:0;bottom:0;left:0}}.elementor-widget-video .elementor-open-inline .elementor-custom-embed-image-overlay{position:absolute;top:0;right:0;bottom:0;left:0;background-size:cover;background-position:50%}.elementor-widget-video .elementor-custom-embed-image-overlay{cursor:pointer;text-align:center}.elementor-widget-video .elementor-custom-embed-image-overlay:hover .elementor-custom-embed-play i{opacity:1}.elementor-widget-video .elementor-custom-embed-image-overlay img{display:block;width:100%;aspect-ratio:var(--video-aspect-ratio);-o-object-fit:cover;object-fit:cover;-o-object-position:center center;object-position:center center}@supports not (aspect-ratio:1\/1){.elementor-widget-video .elementor-custom-embed-image-overlay{position:relative;overflow:hidden;height:0;padding-bottom:calc(100% \/ var(--video-aspect-ratio))}.elementor-widget-video .elementor-custom-embed-image-overlay img{position:absolute;top:0;right:0;bottom:0;left:0}}.elementor-widget-video .e-hosted-video .elementor-video{-o-object-fit:cover;object-fit:cover}.e-con-inner>.elementor-widget-video,.e-con>.elementor-widget-video{width:var(--container-widget-width);--flex-grow:var(--container-widget-flex-grow)}<\/style>\t\t<div class=\"elementor-wrapper elementor-open-inline\">\n\t\t\t<div class=\"elementor-video\"><\/div>\t\t<\/div>\n\t\t\t\t<\/div>\n\t\t\t\t<\/div>\n\t\t\t\t\t<\/div>\n\t\t<\/div>\n\t\t\t\t\t\t\t<\/div>\n\t\t<\/section>\n\t\t\t\t\t\t\t<\/div>\n\t\t","protected":false},"excerpt":{"rendered":"<p>La edici\u00f3n inaugural de la nueva competencia insignia de la regi\u00f3n para selecciones nacionales femeninas&#8230;<\/p>\n","protected":false},"author":2,"featured_media":926,"comment_status":"open","ping_status":"open","sticky":false,"template":"","format":"standard","meta":{"om_disable_all_campaigns":false,"_monsterinsights_skip_tracking":false,"_monsterinsights_sitenote_active":false,"_monsterinsights_sitenote_note":"","_monsterinsights_sitenote_category":0,"footnotes":""},"categories":[1],"tags":[],"aioseo_notices":[],"featured_image_urls":{"full":["https:\/\/lanostalgiadelfutbol.com\/wp-content\/uploads\/2024\/01\/copa-oro-2024.jpeg",1920,1080,false],"thumbnail":["https:\/\/lanostalgiadelfutbol.com\/wp-content\/uploads\/2024\/01\/copa-oro-2024-150x150.jpeg",150,150,true],"medium":["https:\/\/lanostalgiadelfutbol.com\/wp-content\/uploads\/2024\/01\/copa-oro-2024-300x169.jpeg",300,169,true],"medium_large":["https:\/\/lanostalgiadelfutbol.com\/wp-content\/uploads\/2024\/01\/copa-oro-2024-768x432.jpeg",640,360,true],"large":["https:\/\/lanostalgiadelfutbol.com\/wp-content\/uploads\/2024\/01\/copa-oro-2024-1024x576.jpeg",640,360,true],"1536x1536":["https:\/\/lanostalgiadelfutbol.com\/wp-content\/uploads\/2024\/01\/copa-oro-2024-1536x864.jpeg",1536,864,true],"2048x2048":["https:\/\/lanostalgiadelfutbol.com\/wp-content\/uploads\/2024\/01\/copa-oro-2024.jpeg",1920,1080,false],"newsever-slider-full":["https:\/\/lanostalgiadelfutbol.com\/wp-content\/uploads\/2024\/01\/copa-oro-2024-1280x845.jpeg",1280,845,true],"newsever-featured":["https:\/\/lanostalgiadelfutbol.com\/wp-content\/uploads\/2024\/01\/copa-oro-2024-1024x576.jpeg",1024,576,true],"newsever-medium":["https:\/\/lanostalgiadelfutbol.com\/wp-content\/uploads\/2024\/01\/copa-oro-2024-720x475.jpeg",720,475,true]},"author_info":{"info":["Ramon"]},"category_info":"<a href=\"https:\/\/lanostalgiadelfutbol.com\/index.php\/category\/blog\/\" rel=\"category tag\">Blog<\/a>","tag_info":"Blog","comment_count":"0","_links":{"self":[{"href":"https:\/\/lanostalgiadelfutbol.com\/index.php\/wp-json\/wp\/v2\/posts\/925"}],"collection":[{"href":"https:\/\/lanostalgiadelfutbol.com\/index.php\/wp-json\/wp\/v2\/posts"}],"about":[{"href":"https:\/\/lanostalgiadelfutbol.com\/index.php\/wp-json\/wp\/v2\/types\/post"}],"author":[{"embeddable":true,"href":"https:\/\/lanostalgiadelfutbol.com\/index.php\/wp-json\/wp\/v2\/users\/2"}],"replies":[{"embeddable":true,"href":"https:\/\/lanostalgiadelfutbol.com\/index.php\/wp-json\/wp\/v2\/comments?post=925"}],"version-history":[{"count":4,"href":"https:\/\/lanostalgiadelfutbol.com\/index.php\/wp-json\/wp\/v2\/posts\/925\/revisions"}],"predecessor-version":[{"id":930,"href":"https:\/\/lanostalgiadelfutbol.com\/index.php\/wp-json\/wp\/v2\/posts\/925\/revisions\/930"}],"wp:featuredmedia":[{"embeddable":true,"href":"https:\/\/lanostalgiadelfutbol.com\/index.php\/wp-json\/wp\/v2\/media\/926"}],"wp:attachment":[{"href":"https:\/\/lanostalgiadelfutbol.com\/index.php\/wp-json\/wp\/v2\/media?parent=925"}],"wp:term":[{"taxonomy":"category","embeddable":true,"href":"https:\/\/lanostalgiadelfutbol.com\/index.php\/wp-json\/wp\/v2\/categories?post=925"},{"taxonomy":"post_tag","embeddable":true,"href":"https:\/\/lanostalgiadelfutbol.com\/index.php\/wp-json\/wp\/v2\/tags?post=925"}],"curies":[{"name":"wp","href":"https:\/\/api.w.org\/{rel}","templated":true}]}}